{"id":167,"date":"2018-09-07T12:03:10","date_gmt":"2018-09-07T12:03:10","guid":{"rendered":"https:\/\/mihaelapetrescu.ro\/?p=167"},"modified":"2018-09-07T12:27:31","modified_gmt":"2018-09-07T12:27:31","slug":"manifestarea-transferului-si-a-contratransferului-in-sandplay","status":"publish","type":"post","link":"https:\/\/mihaelapetrescu.ro\/index.php\/2018\/09\/07\/manifestarea-transferului-si-a-contratransferului-in-sandplay\/","title":{"rendered":"Manifestarea transferului \u015fi a contratransferului \u00een Sandplay"},"content":{"rendered":"<p><img loading=\"lazy\" decoding=\"async\" src=\"https:\/\/mihaelapetrescu.ro\/wp-content\/uploads\/2018\/09\/Transference-300x255.png\" alt=\"\" width=\"300\" height=\"255\" class=\"alignnone size-medium wp-image-168\" srcset=\"https:\/\/mihaelapetrescu.ro\/wp-content\/uploads\/2018\/09\/Transference-300x255.png 300w, https:\/\/mihaelapetrescu.ro\/wp-content\/uploads\/2018\/09\/Transference.png 553w\" sizes=\"auto, (max-width: 300px) 100vw, 300px\" \/><\/p>\n<p>Termenul de transfer\u00a0 a fost prima dat\u0103 utilizat de Freud pentru a descrie ce s-a petrecut c\u00e2nd o pacienta de-a sa s-a declarat \u00a0\u00eendragostit\u0103 de el. Acesta a relizat c\u0103 pacien\u0163ii cu care lucra repetau \u00een rela\u0163ia cu el \u00a0impulsuri \u015fi sentimentele avute anterior, mai cu seam\u0103 \u00een rela\u0163iile cu p\u0103rin\u0163ii lor.<\/p>\n<p>Mai t\u00e2rziu, \u00a0Jung \u00a0credea c\u0103 at\u00e2t clientul c\u00e2t \u015fi terapeutul\u00a0 se afl\u0103 \u00a0\u00eentr-o relatie \u00a0cu dublu sens, ambele p\u0103r\u0163i fiind implicate \u00een aceea\u015fi m\u0103sura \u00een proces. Dezvoltarea terapeutului ca persoan\u0103 conteaz\u0103\u00a0 la fel de mult, dac\u0103 nu chiar mai mult, nefiind suficient\u0103 doar dezvoltarea cuno\u015ftin\u0163elor din domeniu psihologiei. Deasemenea Jung sustinea c\u0103 \u00een transfer, terapeutul se pozi\u0163ioneaz\u0103 \u00een fata clientului s\u0103u din ambele pozi\u0163ii, cea de persoan\u0103 \u00a0\u015fi cea de terapeut.<\/p>\n<p>Din perspectiva lucrului cu nisip, Margaret Lowenfeld are o alt\u0103 pozitie . Ea dorea ca transferul clientului s\u0103 se fac\u0103 spre l\u0103di\u0163a cu nisip \u015fi spre materialele adiacente. Vedea rolul terapeutului\u00a0 ca fiind acela de a facilita \u00een\u0163elegerea proprie a clientului asupra travaliului personal din l\u0103di\u0163a. Considera c\u0103 un eventual transfer asupra terapeutului ar interfera cu \u00eentelegerea \u00a0clientului asupra a ceea ce a lucrat.<\/p>\n<p>Dora Kalff nu s-a referit la trasfer \u00een sensul clasic de transferare a vechilor sentimente c\u0103tre terapeut, \u015fi nici nu a adoptat pozitia lui Jung sau a lui Lowenfeld. Pentru Kalf \u201d transferul este \u00a0a pune la dispozi\u0163ia clientului spa\u0163iul liber \u015fi protejat pentru ca acesta s\u0103 ajung\u0103 la potentialul sau \u201d. Ea g\u0103sea de cuviin\u0163a c\u0103 at\u00e2ta vreme c\u00e2t terapeutul poate s\u0103-i puna la \u00eendemana clientului acest spatiu\u00a0 liber si protejat, acesta va facilita un transfer pozitiv c\u0103tre terapeut, care ar spori\u00a0 \u00een schimb constelarea SINELUI. Mai apoi, Kalf a observat c\u0103 \u00a0transferul clientului c\u0103tre terapeut\u00a0 includea rela\u0163ia dintre cei doi \u015fi c\u0103 aceasta rela\u0163ie adesea era exprimat\u0103 simbolic \u00een spa\u0163iul din l\u0103di\u0163\u0103. Ba mai mult, ea a \u00eenceput s\u0103 observe c\u0103\u00a0 prin miniaturile alese, clientul poate descrie sentimentul pe care \u00eel are fa\u0163\u0103 de terapeut.<\/p>\n<p>Mult mai recent Bradway \u015fi McCoard(1997) , doi analisti americani, au introdus termenul de co-transfer\u00a0 pentru a descrie rela\u0163ia terapeutic\u0103 dintre client \u015fi terapeut. Relatia de co-transfer este evocat\u0103 \u00a0de experien\u0163a\u00a0 lucrului \u0103n nisip pe m\u0103sur\u0103 ce imaginea din t\u0103vi\u0163\u0103 se contureaz\u0103, \u015fi are loc aproape simultan. Asftel , imaginea creat\u0103 de c\u0103tre client produce asupra celor doi o puternic\u0103 form\u0103 de rela\u0163ionare ceea ce conduce\u00a0 la un dublu transfer : al am\u00e2ndorura c\u0103tre imagine dar \u015fi a unuia fa\u0163\u0103 de cel\u0103lalt.<\/p>\n<p>Contra-transferul la \u00eenceput a fost v\u0103zut ca o piedic\u0103 \u00een procesul terapeutic. \u00cen prezent \u00eensa se consider\u0103 a fi de ajutor redefinirea contratransferul ca fiind \u00a0toate r\u0103spunsurile pe care terapeutul le \u00eenapoiaza clientului, inclusiv emotiile, fanteziile, interactiunile, preluate \u015fi prelucrate, \u00eenainte de a \u00eei fi restituite. Parte din aceste reac\u0163ii sunt con\u015ftiente, parte sunt incon\u015ftiente.<\/p>\n<p>A\u015fadar recunoastrem manifestarea transferului \u015fi a contratransferului \u00een Sandplay \u00a0atunci c\u00e2nd:<\/p>\n<p>*imaginea creat\u0103 \u00een nisip face referire la terapeut ,<\/p>\n<p>*clientul desemneaz\u0103\u00a0 unui obiect particular imaginea terapeutului,<\/p>\n<p>*clientul foloseste nisipul cu multa u\u015furin\u0163\u0103 sau dimpotriv\u0103, c\u00e2nd opune rezistenta \u00een a \u00eel folosi,<\/p>\n<p>*plaseaza figuri semnificative pe direc\u0163ia pe care se afla terapeutul ,<\/p>\n<p>*doua figuri identice sunt plasate fa\u0163\u0103 \u00een fa\u0163\u0103 put\u00e2nd astfel simboliza transferul emo\u0163ional dintre ele<\/p>\n<p>*miniaturile sunt tratate \u00eentr-o modalitate unica:\u00a0 distruse, furate, sau dimpotriva foarte valorizate,<\/p>\n<p>* figurinele sunt ascunse de privirea terapeutului,<\/p>\n<p>*colec\u0163ia de miniaturi a terapeutului este comparat\u0103 cu alte colec\u0163ii<\/p>\n<p>Problemele de transfer \u0219i de contratransfer sunt, \u00a0\u00een general, concepute ca indici pentru dezvoltarea unei mai bune \u00een\u021belegeri a clientului \u0219i o con\u0219tientizare mai profund\u0103 \u00a0a rolului de c\u0103tre terapeut. Cu toate acestea, atunci c\u00e2nd nu sunt abordate \u00een mod corespunz\u0103tor, problemele de transfer , de contratransfer \u015fi de co-transferer\u00a0 pot genera probleme etice legate de competen\u021ba practic\u0103.<\/p>\n","protected":false},"excerpt":{"rendered":"<p>Termenul de transfer\u00a0 a fost prima dat\u0103 utilizat de Freud pentru a descrie ce s-a petrecut c\u00e2nd o pacienta de-a sa s-a declarat \u00a0\u00eendragostit\u0103 de el. Acesta a relizat c\u0103 pacien\u0163ii cu care lucra repetau \u00een rela\u0163ia cu el \u00a0impulsuri \u015fi sentimentele avute anterior, mai cu seam\u0103 \u00een rela\u0163iile cu [&hellip;]<\/p>\n","protected":false},"author":1,"featured_media":172,"comment_status":"open","ping_status":"open","sticky":false,"template":"","format":"standard","meta":{"_monsterinsights_skip_tracking":false,"_monsterinsights_sitenote_active":false,"_monsterinsights_sitenote_note":"","_monsterinsights_sitenote_category":0,"footnotes":""},"categories":[1],"tags":[],"class_list":["post-167","post","type-post","status-publish","format-standard","has-post-thumbnail","hentry","category-fara-categorie"],"_links":{"self":[{"href":"https:\/\/mihaelapetrescu.ro\/index.php\/wp-json\/wp\/v2\/posts\/167","targetHints":{"allow":["GET"]}}],"collection":[{"href":"https:\/\/mihaelapetrescu.ro\/index.php\/wp-json\/wp\/v2\/posts"}],"about":[{"href":"https:\/\/mihaelapetrescu.ro\/index.php\/wp-json\/wp\/v2\/types\/post"}],"author":[{"embeddable":true,"href":"https:\/\/mihaelapetrescu.ro\/index.php\/wp-json\/wp\/v2\/users\/1"}],"replies":[{"embeddable":true,"href":"https:\/\/mihaelapetrescu.ro\/index.php\/wp-json\/wp\/v2\/comments?post=167"}],"version-history":[{"count":6,"href":"https:\/\/mihaelapetrescu.ro\/index.php\/wp-json\/wp\/v2\/posts\/167\/revisions"}],"predecessor-version":[{"id":176,"href":"https:\/\/mihaelapetrescu.ro\/index.php\/wp-json\/wp\/v2\/posts\/167\/revisions\/176"}],"wp:featuredmedia":[{"embeddable":true,"href":"https:\/\/mihaelapetrescu.ro\/index.php\/wp-json\/wp\/v2\/media\/172"}],"wp:attachment":[{"href":"https:\/\/mihaelapetrescu.ro\/index.php\/wp-json\/wp\/v2\/media?parent=167"}],"wp:term":[{"taxonomy":"category","embeddable":true,"href":"https:\/\/mihaelapetrescu.ro\/index.php\/wp-json\/wp\/v2\/categories?post=167"},{"taxonomy":"post_tag","embeddable":true,"href":"https:\/\/mihaelapetrescu.ro\/index.php\/wp-json\/wp\/v2\/tags?post=167"}],"curies":[{"name":"wp","href":"https:\/\/api.w.org\/{rel}","templated":true}]}}