{"id":631,"date":"2023-11-14T12:48:35","date_gmt":"2023-11-14T12:48:35","guid":{"rendered":"https:\/\/mihaelapetrescu.ro\/?p=631"},"modified":"2023-11-14T12:48:35","modified_gmt":"2023-11-14T12:48:35","slug":"a-fi","status":"publish","type":"post","link":"https:\/\/mihaelapetrescu.ro\/index.php\/2023\/11\/14\/a-fi\/","title":{"rendered":"A fi"},"content":{"rendered":"<p>&nbsp;<\/p>\n<p>&nbsp;<\/p>\n<p><span>Ran\u0103 de Mam\u0103<\/span><\/p>\n<p><span>Ne distruge rana mamei rela\u021biile romantice?<img loading=\"lazy\" decoding=\"async\" src=\"https:\/\/mihaelapetrescu.ro\/wp-content\/uploads\/2023\/11\/WhatsApp-Image-2023-11-14-at-14.31.47_9392e739-300x300.jpg\" alt=\"\" width=\"229\" height=\"229\" class=\"alignnone wp-image-635\" srcset=\"https:\/\/mihaelapetrescu.ro\/wp-content\/uploads\/2023\/11\/WhatsApp-Image-2023-11-14-at-14.31.47_9392e739-300x300.jpg 300w, https:\/\/mihaelapetrescu.ro\/wp-content\/uploads\/2023\/11\/WhatsApp-Image-2023-11-14-at-14.31.47_9392e739-150x150.jpg 150w, https:\/\/mihaelapetrescu.ro\/wp-content\/uploads\/2023\/11\/WhatsApp-Image-2023-11-14-at-14.31.47_9392e739.jpg 736w\" sizes=\"auto, (max-width: 229px) 100vw, 229px\" \/><\/span><\/p>\n<p><span>\u00a0<\/span><\/p>\n<p><span>Nodurile karmice pe care le port vin prin linia matern\u0103 a familiei mele.<\/span><\/p>\n<p><span>\u00a0<\/span><\/p>\n<p><span>Este durerea mamei mele, \u00eencorporat\u0103 \u00een mine, prin durerea mamei ei, \u0219i durerea mamei mamei ei, \u0219i a mamei mamei mamei ei. De-a lungul genera\u021biilor, con\u0219tient sau nu, aceast\u0103 durere a fost transmis\u0103 \u00een tiparele psihicului.<\/span><\/p>\n<p><span>\u00a0<\/span><\/p>\n<p><span>Acum, am ocazia s\u0103 o vindec, odat\u0103 pentru totdeauna.<\/span><\/p>\n<p><span>\u00a0<\/span><\/p>\n<p><span>Una dintre cele mai puternice amintiri ale mele despre mama mea c\u00e2nd eram copil este declara\u021bia ei pasional\u0103 c\u0103 nu ne va cre\u0219te niciodat\u0103 a\u0219a cum a crescut-o mama ei.<\/span><\/p>\n<p><span>Ea a crescut cu o mam\u0103 sup\u0103rat\u0103. C\u00e2nd venea acas\u0103 de la \u0219coal\u0103, nu \u0219tia niciodat\u0103 cum o va g\u0103si la intrarea \u00een cas\u0103. Mama mea a descris-o ca mersul pe coji de ou\u0103 \u0219i mereu \u00eentr-o stare de team\u0103 s\u0103 nu \u00eei declan\u0219eze m\u00e2nia.<\/span><\/p>\n<p><span>\u00a0<\/span><\/p>\n<p><span>Spre meritul ei, mama s-a \u021binut de cuv\u00e2nt. Ea nu ne-a crescut a\u0219a cum a fost crescut\u0103. \u00cen schimb, ea \u0219i-a \u00een\u0103bu\u0219it propria furie \u0219i propriile nevoi \u0219i, ne\u0219tiind ce sim\u021bea cu adev\u0103rat, fiind adesea distant\u0103 emo\u021bional.<\/span><\/p>\n<p><span>\u00a0<\/span><\/p>\n<p><span>Acum, \u00een calitate de mam\u0103, m-am urm\u0103rit \u00een interac\u021biunea cu fiul meu \u0219i am observat c\u0103 oscilez \u00eentre ace\u0219ti doi parametri. Uneori sunt distant\u0103 emo\u021bional \u0219i alteori sunt furioas\u0103. \u00cen\u021beleg \u00a0c\u00e2t de mult mama nu a vrut s\u0103 se transforme \u00een mama ei, dar \u0219i c\u0103 nu a avut instrumentele \u0219i \u00een\u021belegerea pentru a se vindeca pe deplin de propria ei cre\u0219tere.<\/span><\/p>\n<p><span>\u00a0<\/span><\/p>\n<p><span>Nu, ea nu era mama furioas\u0103 \u2013 ea era reversul, era mama reprimat\u0103 emo\u021bional.<\/span><\/p>\n<p><span>\u00a0<\/span><\/p>\n<p><span>\u0218i, la r\u00e2ndul meu, nici eu nu mi-am dorit niciodat\u0103 s\u0103 m\u0103 transform \u00een mama mea pentru c\u0103 o vedeam ca pe o victim\u0103 \u00eenfrico\u0219at\u0103 \u2013 fric\u0103 de ceea ce g\u00e2ndeau al\u021bii, fric\u0103 de via\u021b\u0103 \u0219i team\u0103 de a avea grij\u0103 de ea \u0219i de \u00a0copii dup\u0103 ce a r\u0103mas singur\u0103.<\/span><\/p>\n<p><span>\u00a0<\/span><\/p>\n<p><span>M-am m\u00e2ndrit c\u0103 sunt puternic\u0103, \u00eencrez\u0103toare \u0219i independent\u0103 \u0219i cu siguran\u021b\u0103 nu mi-e fric\u0103. Cu toate acestea, nici eu nu am putut sc\u0103pa de modelarea psihicului. \u0218i eu \u00a0\u00eemi \u00eengropam frica at\u00e2t de ad\u00e2nc \u00eenc\u00e2t nu o mai puteam sim\u021bi, a\u0219a cum mama \u0219i-a \u00eengropat emo\u021biile at\u00e2t de ad\u00e2nc \u00eenc\u00e2t nu le putea sim\u021bi.<\/span><\/p>\n<p><span>\u00a0<\/span><\/p>\n<p><span>Am descoperit, pu\u021bin c\u00e2te pu\u021bin, adev\u0103rul \u00eengropat al fiin\u021bei mele de \u00eendat\u0103 ce intram \u00eentr-o rela\u021bie romantic\u0103 \u2013 m\u0103 transformam \u00een mama mea \u0219i m\u0103 ur\u0103m pentru asta.<\/span><\/p>\n<p><span>Rela\u021biile au devenit marele teren de \u00eencercare pentru psihicul meu \u2013 locul \u00een care umbra mea avea s\u0103 se ridice astfel \u00eenc\u00e2t s\u0103 o pot vedea \u00een toat\u0103 (ne)gloria sa.<\/span><\/p>\n<p><span>\u00a0<\/span><\/p>\n<p><span>Recent, am spart un tipar \u00een cadrul unei rela\u021bii \u00een care nu am l\u0103sat dorin\u021ba mea profund\u0103 de intimitate s\u0103-mi compromit\u0103 propriile nevoi. Pentru prima dat\u0103 am r\u0103mas puternic\u0103 \u0219i am sus\u021binut ceea ce \u0219tiam c\u0103 am nevoie. Plecarea din acea rela\u021bie s-a sim\u021bit cu putere, \u00a0a existat \u0219i o durere intens\u0103. Perspectiva care a plutit \u00een mijlocul durerii mele a fost:<\/span><\/p>\n<p><span>\u00a0<\/span><\/p>\n<p><span>Nu voi g\u0103si niciodat\u0103 un b\u0103rbat care s\u0103 m\u0103 poat\u0103 \u00eent\u00e2lni \u00een puterea mea!<\/span><\/p>\n<p><span>\u00a0<\/span><\/p>\n<p><span>Reversul este convingerea c\u0103 trebuie s\u0103 fiu mai pu\u021bin dec\u00e2t sunt pentru a fi iubit\u0103. De unde a venit asta, m-am \u00eentrebat? Acesta a fost motivul pentru care m-am transformat mereu \u00een aceast\u0103 femeie slab\u0103, nesigur\u0103 \u0219i nevoia\u0219\u0103 \u00een rela\u021bii? Pentru c\u0103 mi-era team\u0103 c\u0103 niciun b\u0103rbat nu-mi poate gestiona sinele meu puternic?<\/span><\/p>\n<p><span>\u00a0<\/span><\/p>\n<p><span>Dou\u0103 zile mai t\u00e2rziu, o prieten\u0103 mi-a trimis un articol scris de Bethany Webster intitulat \u201eDe ce este crucial pentru femei s\u0103 vindece rana mamei\u201d, \u00een care am citit c\u0103:<\/span><\/p>\n<p><span>\u00a0<\/span><\/p>\n<p><span>\u201eR\u0103na mamei include durerea de:<\/span><\/p>\n<p><span>~ Compara\u021bie: nu te sim\u021bi suficient de bine<\/span><\/p>\n<p><span>~Ru\u0219ine: sentimentul de fundal constant c\u0103 este ceva \u00een neregul\u0103 cu tine<\/span><\/p>\n<p><span>~Atenuare: sentimentul c\u0103 trebuie s\u0103 r\u0103m\u00e2i mic pentru a fi iubit<\/span><\/p>\n<p><span>~Sentiment persistent de vinov\u0103\u021bie pentru c\u0103 vrei mai mult dec\u00e2t ai \u00een prezent<\/span><\/p>\n<p><span>~Ca femeie, exist\u0103 un sentiment vag, dar puternic, c\u0103 \u00eemputernicirea de sine va r\u0103ni partenerul.\u201d<\/span><\/p>\n<p><span>\u00a0<\/span><\/p>\n<p><span>Oh, da, \u00a0&#8211; s\u0103 \u00a0sim\u021bi c\u0103 trebuie s\u0103 r\u0103m\u00e2i mic pentru a fi iubit. Acesta a fost tiparul meu \u00een rela\u021bii \u2013 m-am lini\u0219tit, m-am acomodat \u0219i mi-am refuzat propriile nevoi pentru a fi iubit\u0103, tem\u00e2ndu-m\u0103 c\u0103 dac\u0103 a\u0219 fi ceea ce sunt, nu a\u0219 fi iubit\u0103.<\/span><\/p>\n<p><span>\u00a0<\/span><\/p>\n<p><span>S-a aprins un bec.<\/span><\/p>\n<p><span>\u00a0<\/span><\/p>\n<p><span>Acesta a fost un alt subiect de urmat.<\/span><\/p>\n<p><span>\u00a0<\/span><\/p>\n<p><span>Acum \u0219tiam de unde venise acest mod de a fi \u00eentr-o rela\u021bie.<\/span><\/p>\n<p><span>\u00a0<\/span><\/p>\n<p><span>Dar de ce? Ce este legat de rela\u021biile noastre cu mamele noastre care ne face s\u0103 ne min\u021bim pe noi \u00een\u0219ine pentru a fi iubi\u021bi?<\/span><\/p>\n<p><span>O alt\u0103 amintire din copil\u0103rie. Am \u0219ase sau \u0219apte ani \u0219i sus\u021bin primul examen de teorie muzical\u0103 la Royal Trinity College din Londra. Un copil str\u0103lucitor, am s\u0103rit peste clasa 1 \u0219i f\u0103ceam clasa a 2-a. Aveam dou\u0103 ore s\u0103 facem examenul, dar am terminat \u00een aproximativ 10 minute. Mi-am r\u0103sucit degetele mari pentru o clip\u0103, mi-am verificat de dou\u0103 ori r\u0103spunsurile, le-am \u00eenm\u00e2nat profesorului \u0219i apoi am fugit acas\u0103 \u2014 la dou\u0103 str\u0103zi distan\u021b\u0103.<\/span><\/p>\n<p><span>\u00a0<\/span><\/p>\n<p><span>\u00cen loc s\u0103 s\u0103rb\u0103toresc succesul meu \u0219i u\u0219urin\u021ba cu care am finalizat examenul, \u00eemi amintesc c\u0103 mama era \u00eengrozit\u0103 c\u00e2nd am ajuns. Mi-a spus c\u0103 am terminat at\u00e2t de repede \u0219i am p\u0103r\u0103sit sala de examen. Am fost devastat\u0103. Am crezut c\u0103 va fi la fel de fericit\u0103 ca \u0219i mine. Am fost justificat fericit\u0103 c\u00e2nd au venit rezultatele: rezolvasem 98 la sut\u0103 din test.<\/span><\/p>\n<p><span>\u00a0<\/span><\/p>\n<p><span>A fost un moment mic, dar frica mamei s-a \u00eentip\u0103rit asupra mea. Teama de a nu fi suficient de bun\u0103, sau de a gre\u0219i, sau de a nu respecta regulile.<\/span><\/p>\n<p><span>\u00a0<\/span><\/p>\n<p><span>Mama mea a sim\u021bit \u00eentotdeauna c\u0103 nu este suficient de bun\u0103 \u0219i, de\u0219i \u00een mod con\u0219tient am respins acea fric\u0103, \u00een mod incon\u0219tient, mi s-a \u00eentip\u0103rit . <\/span><\/p>\n<p><span>\u00a0<\/span><\/p>\n<p><span>\u201eDac\u0103 o fiic\u0103 interiorizeaz\u0103 convingerile incon\u0219tiente ale mamei sale (care este o form\u0103 subtil\u0103 de \u201eNu sunt suficient de bun\u0103\u201d), atunci ea are aprobarea mamei sale, dar s-a tr\u0103dat \u00eentr-un fel pe ea \u00eens\u0103\u0219i \u0219i pe poten\u021bialul ei.<\/span><\/p>\n<p><span>\u00a0<\/span><\/p>\n<p><span>Cu toate acestea, dac\u0103 ea nu interiorizeaz\u0103 convingerile incon\u0219tiente ale mamei sale \u00een propriile limite, ci mai degrab\u0103 \u00ee\u0219i afirm\u0103 propria putere \u0219i propriul poten\u021bial, ea este con\u0219tient\u0103 c\u0103 mama ei poate vedea incon\u0219tient acest lucru ca pe o respingere personal\u0103.\u201d<\/span><\/p>\n<p><span>\u00a0<\/span><\/p>\n<p><span>Totu\u0219i, munca pe care trebuie s\u0103 o facem ca adul\u021bi pentru a ne vindeca de r\u0103nile mamei nu este despre a le face de ru\u0219ine pe mamele noastre pentru c\u0103 nu sunt suficient de bune sau s\u0103 ne dorim ca acestea s\u0103 fie diferite, ci este s\u0103 ne \u00een\u021belegem \u00a0amprenta pe care o purt\u0103m \u0219i s\u0103 o vindec\u0103m.<\/span><\/p>\n<p><span>Pentru c\u0103 \u00eentotdeauna va exista amprentare. To\u021bi avem r\u0103ni de la mam\u0103, \u00eentr-o m\u0103sur\u0103 sau alta. Ele ne pot afecta negativ vie\u021bile sau pot fi doar umbre cu care trebuie s\u0103 ne confrunt\u0103m.<\/span><\/p>\n<p><span>\u00a0<\/span><\/p>\n<p><span>A fi mam\u0103 este unul dintre cele mai dificile lucruri pe care \u00eel poate face o persoan\u0103 \u2013 singurul rol care poate fi la fel de dificil este cel de tat\u0103. Indiferent c\u00e2t de grozave am fi ca mame, \u00eentotdeauna ne vom r\u0103ni copiii \u00eentr-un fel. Cam a\u0219a func\u021bioneaz\u0103.<\/span><\/p>\n<p><span>\u00a0<\/span><\/p>\n<p><span>Ca adul\u021bi, depinde de noi s\u0103 ne confrunt\u0103m cu amprenta noastr\u0103 psihic\u0103, s\u0103 descoperim acele credin\u021be limitative \u0219i s\u0103 le vindec\u0103m. Asta \u00eenseamn\u0103 s\u0103 te maturizezi. Din articolul lui Webster:<\/span><\/p>\n<p><span>\u00a0<\/span><\/p>\n<p><span>Costul de a nu vindeca rana mamei este s\u0103-\u021bi tr\u0103ie\u0219ti via\u021ba la nesf\u00e2r\u0219it cu:<\/span><\/p>\n<p><span>\u00a0<\/span><\/p>\n<p><span>Un sentiment vag \u0219i persistent c\u0103 \u201eE ceva \u00een neregul\u0103 cu mine\u201d.<\/span><\/p>\n<p><span>~Niciodat\u0103 s\u0103 nu-\u021bi actualizezi poten\u021bialul din teama de e\u0219ec sau dezaprobare<\/span><\/p>\n<p><span>~Ave\u021bi limite slabe \u0219i un sentiment neclar despre cine sunte\u021bi<\/span><\/p>\n<p><span>~ Nu te sim\u021bi demn sau capabil s\u0103 creezi ceea ce \u00ee\u021bi dore\u0219ti cu adev\u0103rat<\/span><\/p>\n<p><span>~ Nu te sim\u021bi suficient de \u00een siguran\u021b\u0103 pentru a ocupa spa\u021biul personal \u00a0\u0219i a-\u021bi exprima adev\u0103rul<\/span><\/p>\n<p><span>~ S\u0103-\u021bi aranjezi via\u021ba nu sa o petreci \u00een stilul \u201enu leg\u0103na barca\u201d<\/span><\/p>\n<p><span>~Auto-sabotaj c\u00e2nd te apropii de o descoperire<\/span><\/p>\n<p><span>~A\u0219tepta\u021bi incon\u0219tient permisiunea sau aprobarea mamei \u00eenainte de a v\u0103 revendica propria via\u021b\u0103.<\/span><\/p>\n<p><span>\u00a0<\/span><\/p>\n<p><span>\u00cen urm\u0103 cu c\u00e2\u021biva ani, am ales \u00een mod deliberat s\u0103 merg s\u0103 locuiesc cu mama, par\u021bial pentru c\u0103 am vrut s\u0103 \u00een\u021beleg mai bine rela\u021bia noastr\u0103.<\/span><\/p>\n<p><span>\u00centotdeauna am spus c\u0103 ea este o \u201emam\u0103 bun\u0103\u201d \u0219i c\u0103 am avut o \u201erela\u021bie grozav\u0103\u201d. Totu\u0219i, aceasta nu a fost toat\u0103 povestea. Rela\u021bia noastr\u0103 a fost mult mai complex\u0103 dec\u00e2t o simpl\u0103 dragoste mam\u0103-fiic\u0103 \u0219i am descoperit asta \u00een cele trei luni \u00een care am tr\u0103it \u00eempreun\u0103.<\/span><\/p>\n<p><span>\u00a0<\/span><\/p>\n<p><span>Mi-am petrecut ultimii 10 ani \u00eenv\u0103\u021b\u00e2nd cum s\u0103-mi simt emo\u021biile. Am descoperit c\u0103 mama \u00eenc\u0103 nu \u0219tie ce simte, c\u00e2nd simte. Totu\u0219i, dimpotriv\u0103, puteam sim\u021bi ceea ce ea nu sim\u021bea. Aceasta \u00eensemna c\u0103 deseori \u00ee\u0219i refuza propriile nevoi \u0219i c\u0103uta s\u0103 aib\u0103 grij\u0103 de ceilal\u021bi pur \u0219i simplu pentru c\u0103 nici m\u0103car nu \u0219tia ce sim\u021bea cu adev\u0103rat \u0219i dorea s\u0103 se simt\u0103 iubit\u0103.<\/span><\/p>\n<p><span>\u00a0<\/span><\/p>\n<p><span>De asemenea, \u00eensemna c\u0103 atmosfera din cas\u0103 era adesea plin\u0103 de emo\u021bii \u0219i g\u00e2nduri nesim\u021bite \u0219i nespuse. M-a f\u0103cut s\u0103 m\u0103 simt claustrafob\u0103 \u0219i frustrat\u0103. Acea frustrare ducea adesea la furie. Am fost \u0219ocat s\u0103-mi dau seama c\u0103 am recunoscut aceast\u0103 stare de a fi \u2013 cu asta am tr\u0103it \u00een mod constant c\u00e2nd eram adolescent\u0103, dar habar n-am avut!<\/span><\/p>\n<p><span>\u00a0<\/span><\/p>\n<p><span>Am descoperit, cu \u0219i mai mult \u0219oc, c\u0103 eram foarte sup\u0103rat\u0103 pe mama mea.<\/span><\/p>\n<p><span>\u00a0<\/span><\/p>\n<p><span>Desigur, pentru c\u0103 emo\u021biile nu erau acceptabile \u00een gospod\u0103ria noastr\u0103 \u00een perioada mea de cre\u0219tere \u2013 \u00a0\u00een special furia. Acum m\u0103 sim\u021beam vinovat\u0103 \u0219i ru\u0219inat\u0103 pentru c\u0103 sim\u021beam aceast\u0103 furie. \u0218i mai vinovat\u0103 \u0219i mai ru\u0219inat\u0103 pentru c\u0103 am sim\u021bit asta fa\u021b\u0103 de mama mea \u2013 ea care se sacrificase pentru mine.<\/span><\/p>\n<p><span>\u00a0<\/span><\/p>\n<p><span>Acum, dup\u0103 aproape doi ani, abia \u00eencep s\u0103 ajung la stadiul \u00een care \u00eei pot spune mamei c\u0103 m\u0103 simt furioas\u0103 f\u0103r\u0103 teama c\u0103 nu m\u0103 va mai iubi.<\/span><\/p>\n<p><span>Se simte ca un pas uria\u0219 spre vindecarea r\u0103nii mamei \u0219i spre \u00eemputernicirea deplin\u0103 \u00een mine \u00eensumi.<\/span><\/p>\n<p><span>\u00a0<\/span><\/p>\n<p><span>La urma urmei, dac\u0103 nu po\u021bi comunica sincer cu mama ta f\u0103r\u0103 s\u0103 te temi c\u0103 adev\u0103rul sentimentelor tale va rupe rela\u021bia, cum naiba po\u021bi avea o rela\u021bie sincer\u0103 emo\u021bional cu cineva?<\/span><\/p>\n<p><span>\u00a0<\/span><\/p>\n<p><span>\u00centotdeauna \u00ee\u021bi va fi team\u0103 c\u0103 a fi autentic din punct de vedere emo\u021bional va rupe rela\u021bia &#8211; c\u0103 tu autenticul din punct de vedere emo\u021bional nu este iubibil.<\/span><\/p>\n<p><span>\u00a0<\/span><\/p>\n<p><span>\u0218i exist\u0103 cheia chiar acolo pentru a \u00een\u021belege modul \u00een care rana mamei afecteaz\u0103 rela\u021biile romantice.<\/span><\/p>\n<p><span>\u00a0<\/span><\/p>\n<p><span>Rela\u021bia pe care o avem cu mamele noastre \u00een copil\u0103rie ne dicteaz\u0103 adesea rela\u021biile romantice c\u00e2nd suntem mai mari, indiferent dac\u0103 ne d\u0103m seama sau nu. \u0218i de aceea, dac\u0103 te lup\u021bi cu rela\u021biile romantice, este at\u00e2t de valoros s\u0103-\u021bi faci timp pentru a \u00een\u021belege rela\u021bia cu mama ta.<\/span><\/p>\n<p><span>\u00a0<\/span><\/p>\n<p><span>De asemenea, este important s\u0103 realizezi, \u00een timp ce te ui\u021bi la rana mamei tale, c\u0103 vindecarea nu are nimic de-a face cu mama ta. Nu este vorba dac\u0103 a fost bun\u0103 sau rea sau cum te-a dezam\u0103git. Nu este vorba despre a da vina pe ea, sau de a o trage la r\u0103spundere sau de a dori ca ea s\u0103 fie diferit\u0103.<\/span><\/p>\n<p><span>\u00a0<\/span><\/p>\n<p><span>Este vorba despre \u00een\u021belegerea dinamicii dintre voi \u0219i acceptarea faptului c\u0103 ea a f\u0103cut tot ce a putut la momentul respectiv \u0219i depinde de tine s\u0103 ai grij\u0103 de propriile tale nevoi acum.<\/span><\/p>\n<p><span>Aceast\u0103 munc\u0103 v\u0103 permite s\u0103 v\u0103 \u00eembr\u0103\u021bi\u0219a\u021bi a\u0219a cum sunte\u021bi f\u0103r\u0103 ru\u0219ine \u2013 \u0219i, prin urmare, s\u0103 oferi darurile tale lumii. Vindecarea r\u0103nii mamei \u00eenseamn\u0103, \u00een cele din urm\u0103, s\u0103 p\u0103\u0219e\u0219ti pe deplin \u00een puterea ta ca adult.<\/span><\/p>\n<p><span>\u00a0<\/span><\/p>\n<p><span>Ca urmare a muncii pe care am f\u0103cut-o asupra mea \u0219i asupra ranii mamei \u00een ultimii 10 ani, am:<\/span><\/p>\n<p><span>\u00a0<\/span><\/p>\n<p><span>Am \u00eenv\u0103\u021bat cum s\u0103 simt \u0219i s\u0103-mi gestionez emo\u021biile<\/span><\/p>\n<p><span>Am descoperit c\u0103 emo\u021biile \u0219i sentimentele mele sunt o surs\u0103 de \u00een\u021belepciune \u0219i informa\u021bii<\/span><\/p>\n<p><span>Am \u00eenv\u0103\u021bat cum s\u0103 dezvolt limite s\u0103n\u0103toase. \u0218tiu unde m\u0103 termin eu \u0219i \u00a0unde cel\u0103lalt \u00eencepe \u0219i \u0219tiu care emo\u021bii sunt ale mele \u0219i care apar\u021bin celuilalt.<\/span><\/p>\n<p><span>Am \u00eenv\u0103\u021bat c\u0103 este \u00een regul\u0103 s\u0103-mi pun nevoile pe primul loc &#8211; c\u0103 \u0219i eu conteaz!<\/span><\/p>\n<p><span>Exist\u0103 \u00eens\u0103 aspecte la care \u00eenc\u0103 lucrez. \u00cen special:<\/span><\/p>\n<p><span>\u00a0<\/span><\/p>\n<p><span>\u00cenc\u0103 trebuie s\u0103 \u00eenv\u0103\u021b s\u0103 am compasiune pentru mine \u0219i, prin extensie, pentru al\u021bi oameni. \u00cenc\u0103 \u00eenv\u0103\u021b cum s\u0103 m\u0103 iubesc mai mult.<\/span><\/p>\n<p><span>Trebuie s\u0103 \u00eenv\u0103\u021b cum s\u0103 m\u0103 iau mai pu\u021bin \u00een serios \u2013 cum s\u0103 m\u0103 joc \u0219i s\u0103 m\u0103 distrez!<\/span><\/p>\n<p><span>Am descoperit c\u0103 a sim\u021bi m\u00e2nie fa\u021b\u0103 de mama noastr\u0103 pentru c\u0103 ea nu ne satisface nevoile este firesc, dar v\u0103d, de asemenea, c\u0103 a nu ajunge la pace cu aceast\u0103 m\u00e2nie m\u0103 \u00eempiedic\u0103 s\u0103 trec la puterea mea deplin\u0103 de femeie.<\/span><\/p>\n<p><span>\u00a0<\/span><\/p>\n<p><span>\u00cenc\u0103 trebuie s\u0103 o accept pe mama pentru ceea ce este ea \u2013 at\u00e2t cu limit\u0103rile, c\u00e2t \u0219i cu darurile ei, astfel \u00eenc\u00e2t s\u0103 \u00eemi pot revendica \u00een mod liber propriile daruri interioare \u0219i s\u0103 \u00eenv\u0103\u021b cum s\u0103-mi iubesc mai bine mama. Aceasta este munca pe care o fac acum.<\/span><\/p>\n<p><span>\u00a0<\/span><\/p>\n<p><span>Fiul meu, va avea r\u0103nile ale mamei sale. Totu\u0219i, \u0219tiu \u0219i c\u0103, cu c\u00e2t voi fi mai capabil\u0103 s\u0103 vindec \u0219i s\u0103 de\u021bin r\u0103nile mamei mele, cu at\u00e2t mai mic\u0103 va fi r\u0103nirea lui.<\/span><\/p>\n<p><span>A\u0219a sunt rupte tiparele karmice. \u00cen fiecare genera\u021bie, exist\u0103 o oportunitate pentru o mai mare con\u0219tientizare, pentru o mai mare acceptare \u0219i pentru vindecare \u0219i eliberare.<\/span><\/p>\n<p><span>\u00a0<\/span><\/p>\n<p><span>Sunt o femeie puternic\u0103, \u00eencrez\u0103toare, puternic\u0103. Am fost mereu. Cu toate acestea, am fost \u0219i slab\u0103, nesigur\u0103 \u0219i nevoia\u0219\u0103. Toate aceste tr\u0103s\u0103turi de caracter m-au definit. Negarea \u0219i respingerea mea fa\u021b\u0103 de acele p\u0103r\u021bi din mine care nu mi-au pl\u0103cut \u2013 oglindindu-mi negarea \u0219i respingerea p\u0103r\u021bilor mamei care nu mi-au pl\u0103cut \u2013 au permis \u00een mod paradoxal acelor p\u0103r\u021bi s\u0103 \u00eenfloreasc\u0103.<\/span><\/p>\n<p><span>\u00a0<\/span><\/p>\n<p><span>Abia c\u00e2nd am avut \u00een sf\u00e2r\u0219it curajul s\u0103 m\u0103 \u00eentorc \u0219i s\u0103 m\u0103 privesc, am putut \u00eencepe \u00een sf\u00e2r\u0219it s\u0103 vindec acele p\u0103r\u021bi din mine \u0219i, de asemenea, rela\u021bia mea cu mama.<\/span><\/p>\n<p><span>\u00a0<\/span><\/p>\n<p><span>\u00cen toate rela\u021biile mele pe termen lung de p\u00e2n\u0103 acum (ultima s-a \u00eencheiat cu patru trei ani \u00een urm\u0103), eram mai slab\u0103, nevoia\u0219\u0103 \u0219i nesigur\u0103 dec\u00e2t eram puternic\u0103, \u00eencrez\u0103toare \u0219i liber\u0103. M-am minimizat pentru a primi dragostea dup\u0103 care \u00a0t\u00e2njeam at\u00e2t de disperat.<\/span><\/p>\n<p><span>\u00a0<\/span><\/p>\n<p><span>Acum, asta s-a schimbat.<\/span><\/p>\n<p><span>\u00a0<\/span><\/p>\n<p><span>Acum, recunosc c\u0103 sunt propria mea surs\u0103 de Iubire \u0219i este responsabilitatea mea s\u0103 \u00eemi satisfac propriile nevoi.<\/span><\/p>\n<p><span>\u00a0<\/span><\/p>\n<p><span>Nu mai caut un partener care s\u0103 umple golul \u00a0\u0219i s\u0103 aib\u0103 grij\u0103 de mine.<\/span><\/p>\n<p><span>\u00a0<\/span><\/p>\n<p><span>Misterul a fost rezolvat \u0219i devin femeia care am crezut mereu c\u0103 sunt.~~<\/span><\/p>\n<p><span>\u00a0<\/span><\/p>\n<p><span>~Kara-Leah Grant<\/span><\/p>\n<p><span>\u00a0<\/span><\/p>\n<p><span>art\u0103: Autumn Skye Morrison<\/span><\/p>\n","protected":false},"excerpt":{"rendered":"<p>&nbsp; &nbsp; Ran\u0103 de Mam\u0103 Ne distruge rana mamei rela\u021biile romantice? \u00a0 Nodurile karmice pe care le port vin prin linia matern\u0103 a familiei mele. \u00a0 Este durerea mamei mele, \u00eencorporat\u0103 \u00een mine, prin durerea mamei ei, \u0219i durerea mamei mamei ei, \u0219i a mamei mamei mamei ei. De-a lungul [&hellip;]<\/p>\n","protected":false},"author":1,"featured_media":633,"comment_status":"open","ping_status":"closed","sticky":false,"template":"","format":"standard","meta":{"_monsterinsights_skip_tracking":false,"_monsterinsights_sitenote_active":false,"_monsterinsights_sitenote_note":"","_monsterinsights_sitenote_category":0,"footnotes":""},"categories":[1],"tags":[],"class_list":["post-631","post","type-post","status-publish","format-standard","has-post-thumbnail","hentry","category-fara-categorie"],"_links":{"self":[{"href":"https:\/\/mihaelapetrescu.ro\/index.php\/wp-json\/wp\/v2\/posts\/631","targetHints":{"allow":["GET"]}}],"collection":[{"href":"https:\/\/mihaelapetrescu.ro\/index.php\/wp-json\/wp\/v2\/posts"}],"about":[{"href":"https:\/\/mihaelapetrescu.ro\/index.php\/wp-json\/wp\/v2\/types\/post"}],"author":[{"embeddable":true,"href":"https:\/\/mihaelapetrescu.ro\/index.php\/wp-json\/wp\/v2\/users\/1"}],"replies":[{"embeddable":true,"href":"https:\/\/mihaelapetrescu.ro\/index.php\/wp-json\/wp\/v2\/comments?post=631"}],"version-history":[{"count":3,"href":"https:\/\/mihaelapetrescu.ro\/index.php\/wp-json\/wp\/v2\/posts\/631\/revisions"}],"predecessor-version":[{"id":636,"href":"https:\/\/mihaelapetrescu.ro\/index.php\/wp-json\/wp\/v2\/posts\/631\/revisions\/636"}],"wp:featuredmedia":[{"embeddable":true,"href":"https:\/\/mihaelapetrescu.ro\/index.php\/wp-json\/wp\/v2\/media\/633"}],"wp:attachment":[{"href":"https:\/\/mihaelapetrescu.ro\/index.php\/wp-json\/wp\/v2\/media?parent=631"}],"wp:term":[{"taxonomy":"category","embeddable":true,"href":"https:\/\/mihaelapetrescu.ro\/index.php\/wp-json\/wp\/v2\/categories?post=631"},{"taxonomy":"post_tag","embeddable":true,"href":"https:\/\/mihaelapetrescu.ro\/index.php\/wp-json\/wp\/v2\/tags?post=631"}],"curies":[{"name":"wp","href":"https:\/\/api.w.org\/{rel}","templated":true}]}}